{"id":922,"date":"2018-12-26T10:58:02","date_gmt":"2018-12-26T12:58:02","guid":{"rendered":"http:\/\/www.clariceabreu.com.br\/?p=922"},"modified":"2025-08-12T23:39:41","modified_gmt":"2025-08-12T23:39:41","slug":"operacao-verao-cirurgia-plastica","status":"publish","type":"post","link":"https:\/\/clariceabreu.com.br\/pt_br\/operacao-verao-cirurgia-plastica\/","title":{"rendered":"Opera\u00e7\u00e3o Ver\u00e3o: Pode cirurgia pl\u00e1stica nessa \u00e9poca?"},"content":{"rendered":"<p>A cirurgia pl\u00e1stica devolve &#8211; e tamb\u00e9m aumenta! &#8211; a autoestima de muitas pessoas. O Brasil \u00e9 um dos pa\u00edses que mais realiza cirurgias pl\u00e1sticas no mundo, isso gra\u00e7as \u00e0 compet\u00eancia dos nossos profissionais e tamb\u00e9m \u00e0 facilidade de pagar por elas. Parcelamento, financiamento, etc.<\/p>\n<p>&nbsp;<\/p>\n<p><img fetchpriority=\"high\" decoding=\"async\" class=\"aligncenter wp-image-923 size-medium\" src=\"http:\/\/www.clariceabreu.com.br\/wp-content\/uploads\/2018\/12\/shutterstock_142887940-300x200.jpg\" alt=\"Cirurgia pl\u00e1stica e autoestima: mulher sentada de costas na praia e de frente para o mar, com os bra\u00e7os abertos\" width=\"300\" height=\"200\" \/><\/p>\n<p>&nbsp;<\/p>\n<p><span style=\"font-weight: 400;\">Devemos levar em considera\u00e7\u00e3o muitos fatores antes de se submeter a uma cirurgia, e um deles \u00e9 a \u00e9poca do ano! Inverno, primavera, outono ou ver\u00e3o? No final das contas, <\/span><b>qual \u00e9 o melhor per\u00edodo para fazer uma cirurgia <\/b><strong>pl\u00e1stica?<\/strong><\/p>\n<p>&nbsp;<\/p>\n<h2 style=\"padding-left: 30px;\"><span style=\"font-size: 14pt;\"><b>Descubra:<\/b><a href=\"http:\/\/www.clariceabreu.com.br\/blog\/10-famosas-que-tem-silicone-e-talvez-voce-nao-saiba_\/\"><b> 10 famosas que t\u00eam silicone e voc\u00ea talvez n\u00e3o saiba<\/b><\/a><\/span><\/h2>\n<p>&nbsp;<\/p>\n<p><span style=\"font-weight: 400;\">Com o ver\u00e3o se aproximando, muitas pessoas consideram realiz\u00e1-la prontamente. \u00c9 por isso que no post de hoje te explicaremos os pr\u00f3s e contras de realizar uma cirurgia pl\u00e1stica nessa temporada do ano!<\/span><\/p>\n<h1><span style=\"font-size: 18pt;\"><b>Quais s\u00e3o as cirurgias mais procuradas no ver\u00e3o?<\/b><\/span><\/h1>\n<ul>\n<li><strong>Pr\u00f3tese de silicone;<\/strong><\/li>\n<li><strong>Abdomnoplastia;<\/strong><\/li>\n<li><strong>Lipospira\u00e7\u00e3o;<\/strong><\/li>\n<li><strong>Otoplastia;<\/strong><\/li>\n<li><strong>Lipoescultura.<\/strong><\/li>\n<\/ul>\n<p>\u00c9 claro que n\u00e3o podemos nos esquecer tamb\u00e9m das cirurgias faciais, como facelift, rinoplastia, blefaroplastia (pl\u00e1stica nas p\u00e1lpebras), etc. Entretanto, nesse per\u00edodo de tempo, as mais buscadas s\u00e3o as citadas acima.<\/p>\n<p>&nbsp;<\/p>\n<h1><span style=\"font-size: 18pt;\"><b>Qual a melhor \u00e9poca para fazer uma cirurgia pl\u00e1stica?<\/b><\/span><\/h1>\n<p><span style=\"font-weight: 400;\">Obviamente a primeira esta\u00e7\u00e3o que vem \u00e0 mente \u00e9 o <\/span><b>inverno<\/b><span style=\"font-weight: 400;\">, j\u00e1 que \u00e9 mais confort\u00e1vel para usar as cintas modeladoras e tamb\u00e9m onde a exposi\u00e7\u00e3o solar \u00e9 menor. Mas ser\u00e1 mesmo que essa \u00e9 a melhor op\u00e7\u00e3o?<\/span><\/p>\n<p>A resposta \u00e9 simples: se voc\u00ea tiver f\u00e9rias programadas para essa \u00e9poca, ent\u00e3o sim! Mas tamb\u00e9m no ver\u00e3o as cirurgias pl\u00e1sticas s\u00e3o muito procuradas, gra\u00e7as \u00e0s f\u00e9rias de final e come\u00e7o de ano (natal, ano novo, carnaval).<\/p>\n<p><span style=\"font-weight: 400;\">A verdade \u00e9 que n\u00e3o importa a \u00e9poca do ano, pois em todas voc\u00ea <\/span><b>dever\u00e1 tomar cuidados <\/b><span style=\"font-weight: 400;\">e seguir \u00e0 risca os conselhos do seu cirurgi\u00e3o!<\/span><\/p>\n<p>&nbsp;<\/p>\n<h1><span style=\"font-size: 18pt;\"><b>Cuidados necess\u00e1rios na recupera\u00e7\u00e3o da cirurgia pl\u00e1stica:<\/b><\/span><\/h1>\n<ul>\n<li><b>Evite exposi\u00e7\u00e3o solar: <span style=\"font-weight: 400;\">tomar sol ap\u00f3s a cirurgia pode trazer s\u00e9rias consequ\u00eancias para o resultado final, j\u00e1 que esse ato estimula a produ\u00e7\u00e3o da melanina, piorando o aspecto da cicatriz. Sem falar das manchas solares, que s\u00e3o muito dif\u00edceis de serem eliminadas, mesmo com \u00f3timos tratamentos est\u00e9ticos. Caso n\u00e3o seja poss\u00edvel se \u201cesconder\u201d do sol, tome os cuidados b\u00e1sicos: protetor solar FPS 60, bon\u00e9 e \u00f3culos de sol, principalmente se a cirurgia pl\u00e1stica for no rosto. Se voc\u00ea deseja resultados positivos, siga os conselhos do seu m\u00e9dico e evite exposi\u00e7\u00e3o solar por pelo menos 30 dias ap\u00f3s a cirurgia.<\/span><\/b><\/li>\n<li>\n<p style=\"display: inline !important;\"><strong>Use a cinta<\/strong><span style=\"font-weight: 400;\"><strong>: <\/strong>ela \u00e9 decisiva para manter tudo no lugar e garantir um resultado bonito. No ver\u00e3o pode ser um pouco desconfort\u00e1vel, mas ela \u00e9 essencial, ent\u00e3o continue usando-a! Alguns profissionais recomendam usar at\u00e9 3 meses ap\u00f3s a cirurgia, ent\u00e3o siga \u00e0 risca esse cuidado!<\/span><\/p>\n<\/li>\n<li>\n<p style=\"display: inline !important;\">\u00a0<\/p>\n<p style=\"display: inline !important;\"><strong>Evite nadar<\/strong><span style=\"font-weight: 400;\"><strong>:<\/strong> o cloro e a \u00e1gua salgada do mar podem interferir bastante na cicatriza\u00e7\u00e3o, e s\u00e3o ambientes perfeitos para a prolifera\u00e7\u00e3o de bact\u00e9rias, ent\u00e3o cuidado com infec\u00e7\u00f5es! Nadar tamb\u00e9m pode for\u00e7ar os m\u00fasculos. A pr\u00e1tica de atividade f\u00edsica \u00e9 recomendada, mas sempre com precau\u00e7\u00e3o e aconselhamento do seu cirurgi\u00e3o.<\/span><\/p>\n<p><b><\/b><\/li>\n<li><b>Tome muita \u00e1gua<\/b><span style=\"font-weight: 400;\">: principalmente em cirurgias de lipo ou abdominoplastia, \u00e9 necess\u00e1rio tomar mais de 3 litros de \u00e1gua por dia, ainda mais por ser em uma esta\u00e7\u00e3o quente. Isso te mant\u00e9m hidratada e ajuda a combater o incha\u00e7o. <\/span><\/li>\n<li><b>Fa\u00e7a drenagem linf\u00e1tica<\/b><span style=\"font-weight: 400;\">: ainda sobre o incha\u00e7o, \u00e9 importante realizar a drenagem para eliminar o excesso de l\u00edquidos e tamb\u00e9m acelerar o processo de recupera\u00e7\u00e3o. \u00c9 importante realiz\u00e1-la com profissionais recomendados pelo seu cirurgi\u00e3o, assim como a quantidade de sess\u00f5es. <\/span><\/li>\n<li><b>Tenha uma dieta leve e balanceada<\/b><span style=\"font-weight: 400;\">: evite frituras, chocolate e carnes pesadas, como porco. Isso atrapalha a cicatriza\u00e7\u00e3o e tamb\u00e9m pode gerar desconforto. Coma muitos legumes, gr\u00e3os, sucos, etc.<\/span><\/li>\n<\/ul>\n<p>&nbsp;<\/p>\n<p><img decoding=\"async\" class=\"aligncenter wp-image-924 size-medium\" src=\"http:\/\/www.clariceabreu.com.br\/wp-content\/uploads\/2018\/12\/shutterstock_149316323-300x233.jpg\" alt=\"M\u00e3os com luvas de cirurgia pl\u00e1stica enquadrando o rosto de uma mulher\" width=\"300\" height=\"233\" \/><\/p>\n<p>&nbsp;<\/p>\n<h1><span style=\"font-size: 18pt;\"><b>Vantagens da cirurgia no ver\u00e3o<\/b><span style=\"font-weight: 400;\">:<\/span><\/span><\/h1>\n<ul>\n<li style=\"font-weight: 400;\"><b>Maior tempo de recupera\u00e7\u00e3o<\/b><span style=\"font-weight: 400;\">: Normalmente o ver\u00e3o est\u00e1 atrelado com as f\u00e9rias de final de ano, por isso voc\u00ea ter\u00e1 mais tempo e tranquilidade para se recuperar, sem se preocupar com a press\u00e3o de voltar ao trabalho e\/ou resolver pend\u00eancias. <\/span><\/li>\n<li style=\"font-weight: 400;\"><b>Maior renda<\/b><span style=\"font-weight: 400;\">: D\u00e9cimo terceiro, f\u00e9rias, etc, isso pode ajudar a aumentar a renda, e dessa forma pagar a cirurgia.<\/span><\/li>\n<\/ul>\n<p>&nbsp;<\/p>\n<h1><span style=\"font-size: 18pt;\"><b>Desvantagens:<\/b><\/span><\/h1>\n<ul>\n<li style=\"font-weight: 400;\"><b>Incha\u00e7o: <\/b><span style=\"font-weight: 400;\">Devido \u00e0s temperaturas altas, o corpo tende a ficar mais inchado, gerando desconforto e necessidade maior de se repousar. <\/span><\/li>\n<li style=\"font-weight: 400;\"><b>Maior propens\u00e3o \u00e0 manchas<\/b><span style=\"font-weight: 400;\">: Se voc\u00ea se expor ao sol, pode piorar os aspectos das cicatrizes, tornando insatisfat\u00f3rio o resultado da cirurgia. Por isso, por pelo menos 30 dias depois, fuja e se proteja do sol!<\/span><\/li>\n<\/ul>\n<h2 style=\"padding-left: 30px;\">\u00a0<\/h2>\n<h2 style=\"padding-left: 30px;\"><span style=\"font-size: 14pt;\"><b>Leia tamb\u00e9m: <\/b><a href=\"http:\/\/www.clariceabreu.com.br\/blog\/quer-levantar-os-seios-conheca-o-lifting-de-mama\/\"><b>Quer levantar os seios? Conhe\u00e7a o lifting de mama<\/b><\/a><\/span><\/h2>\n<p>&nbsp;<\/p>\n<h1><span style=\"font-size: 18pt;\"><b>A prepara\u00e7\u00e3o:<\/b><\/span><\/h1>\n<p><span style=\"font-weight: 400;\">Independente da esta\u00e7\u00e3o do ano, <\/span><b>esses s\u00e3o os cuidados <\/b><span style=\"font-weight: 400;\">que todos devem ter antes de se submeter \u00e0 uma cirurgia pl\u00e1stica:<\/span><\/p>\n<ol>\n<li style=\"font-weight: 400;\"><span style=\"font-weight: 400;\"><strong>Evite o consumo de \u00e1lcool<\/strong> e cigarros nos dias antecedentes \u00e0 cirurgia (pelo menos 72 horas antes);<\/span><\/li>\n<li style=\"font-weight: 400;\"><span style=\"font-weight: 400;\"><strong>N\u00e3o utilize nenhum tipo de maquiagem<\/strong> (nem esmalte) no dia do procedimento;<\/span><\/li>\n<li style=\"font-weight: 400;\"><span style=\"font-weight: 400;\"><strong>Deixe o cirurgi\u00e3o ciente de todos os medicamentos<\/strong> que voc\u00ea utiliza (acredite, eles podem interferir na anestesia);<\/span><\/li>\n<li style=\"font-weight: 400;\"><span style=\"font-weight: 400;\"><strong>Realize todos os exames<\/strong> solicitados;<\/span><\/li>\n<li style=\"font-weight: 400;\"><span style=\"font-weight: 400;\"><strong>Fa\u00e7a jejum<\/strong> no dia da cirurgia;<\/span><\/li>\n<\/ol>\n<p><img decoding=\"async\" class=\"aligncenter wp-image-925 size-medium\" src=\"http:\/\/www.clariceabreu.com.br\/wp-content\/uploads\/2018\/12\/brazilianbut-300x200.jpg\" alt=\"Mulher com o corpo marcado para cirurgia pl\u00e1stica segurando uma fita m\u00e9trica esticada para frente ao redor dos gl\u00fateos\" width=\"300\" height=\"200\" \/><\/p>\n<h2 style=\"padding-left: 30px;\">\u00a0<\/h2>\n<h2 style=\"padding-left: 30px;\"><span style=\"font-size: 14pt;\"><b>Leia tamb\u00e9m: <\/b><a href=\"http:\/\/www.clariceabreu.com.br\/blog\/abdominoplastia-o-guia-completo-da-plastica-no-abdome\/\"><b>Abdominoplastia &#8211; O guia completo da pl\u00e1stica no abdome<\/b><\/a><\/span><\/h2>\n<p>&nbsp;<\/p>\n<p><span style=\"font-weight: 400;\">N\u00e3o se esque\u00e7a tamb\u00e9m de procurar o cirurgi\u00e3o com quem voc\u00ea se sinta mais \u00e0 vontade! <\/span><\/p>\n<p><span style=\"font-weight: 400;\">Uma das coisas mais importantes \u00e9 conferir as credenciais do profissional. Portanto, verifique sua situa\u00e7\u00e3o na Sociedade Brasileira de Cirurgia Pl\u00e1stica e tamb\u00e9m se o mesmo possui cadastro no Conselho Regional de Medicina (CRM) da regi\u00e3o onde ele atua. <\/span><\/p>\n<p><span style=\"font-weight: 400;\">O pre\u00e7o mais alto nem sempre significa a melhor qualidade, portanto confie em sua intui\u00e7\u00e3o. Outra dica muito importante na hora de escolher seu profissional \u00e9 conversar com amigas que j\u00e1 realizaram alguma cirurgia pl\u00e1stica &#8211; especialmente se for a mesma que voc\u00ea deseja realizar -, e ver quais s\u00e3o suas opini\u00f5es sobre o m\u00e9dico e o resultado final. <\/span><\/p>\n<p><span style=\"font-weight: 400;\">Verificar se o local onde ser\u00e1 realizada a cirurgia tem o alvar\u00e1 de funcionamento, assim como todos os aparelhos necess\u00e1rios, tamb\u00e9m \u00e9 crucial na hora de se submeter a uma cirurgia pl\u00e1stica. <\/span><\/p>\n<p><span style=\"font-weight: 400;\">Com essas dicas, fica muito mais f\u00e1cil realizar a cirurgia pl\u00e1stica n\u00e3o somente no ver\u00e3o, mas em qualquer \u00e9poca do ano!<\/span><\/p>\n<p><b>Voc\u00ea j\u00e1 realizou alguma cirurgia pl\u00e1stica no ver\u00e3o? Como foi a recupera\u00e7\u00e3o? Tem algum conselho para dar? Compartilhe conosco coment\u00e1rios! <\/b><\/p>\n","protected":false},"excerpt":{"rendered":"<p>A cirurgia pl\u00e1stica devolve &#8211; e tamb\u00e9m aumenta! &#8211; a autoestima de muitas pessoas. O Brasil \u00e9 um dos pa\u00edses que mais realiza cirurgias pl\u00e1sticas no mundo, isso gra\u00e7as \u00e0 compet\u00eancia dos nossos profissionais e tamb\u00e9m \u00e0 facilidade de pagar por elas. Parcelamento, financiamento, etc. &nbsp; &nbsp; Devemos levar em considera\u00e7\u00e3o muitos fatores antes de [&hellip;]<\/p>\n","protected":false},"author":1,"featured_media":718,"comment_status":"closed","ping_status":"open","sticky":false,"template":"","format":"standard","meta":{"_seopress_robots_primary_cat":"","_seopress_titles_title":"","_seopress_titles_desc":"","_seopress_robots_index":"","footnotes":""},"categories":[24],"tags":[56,57,15],"class_list":["post-922","post","type-post","status-publish","format-standard","has-post-thumbnail","hentry","category-noticias-e-curiosidades","tag-cirurgia-plastica","tag-cuidados-com-cirurgia-plastica","tag-dra-clarice-abreu"],"_links":{"self":[{"href":"https:\/\/clariceabreu.com.br\/pt_br\/wp-json\/wp\/v2\/posts\/922","targetHints":{"allow":["GET"]}}],"collection":[{"href":"https:\/\/clariceabreu.com.br\/pt_br\/wp-json\/wp\/v2\/posts"}],"about":[{"href":"https:\/\/clariceabreu.com.br\/pt_br\/wp-json\/wp\/v2\/types\/post"}],"author":[{"embeddable":true,"href":"https:\/\/clariceabreu.com.br\/pt_br\/wp-json\/wp\/v2\/users\/1"}],"replies":[{"embeddable":true,"href":"https:\/\/clariceabreu.com.br\/pt_br\/wp-json\/wp\/v2\/comments?post=922"}],"version-history":[{"count":0,"href":"https:\/\/clariceabreu.com.br\/pt_br\/wp-json\/wp\/v2\/posts\/922\/revisions"}],"wp:featuredmedia":[{"embeddable":true,"href":"https:\/\/clariceabreu.com.br\/pt_br\/wp-json\/"}],"wp:attachment":[{"href":"https:\/\/clariceabreu.com.br\/pt_br\/wp-json\/wp\/v2\/media?parent=922"}],"wp:term":[{"taxonomy":"category","embeddable":true,"href":"https:\/\/clariceabreu.com.br\/pt_br\/wp-json\/wp\/v2\/categories?post=922"},{"taxonomy":"post_tag","embeddable":true,"href":"https:\/\/clariceabreu.com.br\/pt_br\/wp-json\/wp\/v2\/tags?post=922"}],"curies":[{"name":"wp","href":"https:\/\/api.w.org\/{rel}","templated":true}]}}