{"id":589,"date":"2017-07-26T14:05:56","date_gmt":"2017-07-26T17:05:56","guid":{"rendered":"http:\/\/www.clariceabreu.com.br\/?p=589"},"modified":"2025-08-12T21:22:01","modified_gmt":"2025-08-12T21:22:01","slug":"tudo-o-que-voce-precisa-saber-sobre-plagiocefalia-posicional","status":"publish","type":"post","link":"https:\/\/clariceabreu.com.br\/pt_br\/tudo-o-que-voce-precisa-saber-sobre-plagiocefalia-posicional\/","title":{"rendered":"Tudo o que voc\u00ea precisa saber sobre Plagiocefalia Posicional"},"content":{"rendered":"<p style=\"text-align: justify;\">Cuidar de um beb\u00ea rec\u00e9m-nascido n\u00e3o \u00e9 algo f\u00e1cil! Mesmo com todo o carinho e cuidado dos pais, alguns probleminhas podem acontecer durante o crescimento da crian\u00e7a. Um exemplo disso \u00e9 a<a href=\"http:\/\/www.clariceabreu.com.br\/atuacao\/cirurgia-craniomaxilofacial\/cirurgia-craniofacial-pediatrica\/deformidades-cranianas-plagiocefalia-posicional\/\">\u00a0Plagiocefalia Posicional<\/a>.<\/p>\n<p style=\"text-align: justify;\">\u00a0<\/p>\n<p style=\"text-align: justify;\"><img fetchpriority=\"high\" decoding=\"async\" class=\"aligncenter wp-image-590\" src=\"http:\/\/www.clariceabreu.com.br\/wp-content\/uploads\/2017\/07\/FOTO-1-1.jpg\" alt=\"plagiocefalia clabreu\" width=\"600\" height=\"400\" \/><\/p>\n<p style=\"text-align: justify;\">\u00a0<\/p>\n<p style=\"text-align: justify;\">Voc\u00ea j\u00e1 ouviu falar dessa deformidade? Apesar do nome complicado, voc\u00ea com certeza j\u00e1 reparou a exist\u00eancia dela em algum beb\u00ea! Segundo um estudo feito pela Escola de Medicina de Harvard, ela\u00a0<a href=\"http:\/\/www.estadao.com.br\/noticias\/geral,deformidade-na-cabeca-de-bebes-e-tratada-com-capacete-imp-,902248\">acontece em 12% dos beb\u00eas nascidos\u00a0<\/a>em at\u00e9 um ano e em 54% das crian\u00e7as g\u00eameas. \u00c9 bastante, n\u00e3o \u00e9 mesmo?<\/p>\n<p style=\"text-align: justify;\">\u00a0<\/p>\n<h2 style=\"text-align: justify;\"><strong>O que \u00e9 a Plagiocefalia Posicional?<\/strong><\/h2>\n<p style=\"text-align: justify;\"><strong>\u00a0<\/strong><\/p>\n<p style=\"text-align: justify;\">A maior caracter\u00edstica da\u00a0<a href=\"http:\/\/www.clinicaheads.com.br\/single-post\/2015\/08\/18\/Plagiocefalia-e-Braquicefalia-aten%C3%A7%C3%A3o-para-o-formato-da-cabecinha-do-beb%C3%AA-Portal-TUDO-TODAS\">Plagiocefalia Posicional\u00a0<\/a>\u00e9 o \u201cachatamento\u201d de um dos lados da cabe\u00e7a, mais comumente do lado direito, o que pode gerar futuras complica\u00e7\u00f5es na est\u00e9tica do cr\u00e2nio, fazendo com que olhos e\/ou orelhas fiquem desalinhadas e prejudicando o fechamento da mand\u00edbula. Felizmente, essa deforma\u00e7\u00e3o n\u00e3o causa nenhum dano mental ao beb\u00ea.\u00a0<\/p>\n<p style=\"text-align: justify;\">\u00a0<\/p>\n<p style=\"text-align: justify;\">\u00a0<\/p>\n<p style=\"text-align: justify;\"><img alt=\"\" decoding=\"async\" class=\"aligncenter wp-image-591\" src=\"http:\/\/www.clariceabreu.com.br\/wp-content\/uploads\/2017\/07\/FOTO-2-1.jpg\" alt=\"\" width=\"600\" height=\"400\" \/><\/p>\n<p style=\"text-align: justify;\">\u00a0<\/p>\n<p style=\"text-align: justify;\"><strong>\u00a0<\/strong><\/p>\n<p style=\"text-align: justify;\">\u00a0<\/p>\n<h2 style=\"text-align: justify;\"><strong>O que causa a Plagiocefalia?<\/strong><\/h2>\n<p style=\"text-align: justify;\"><strong>\u00a0<\/strong><\/p>\n<p style=\"text-align: justify;\">A\u00a0<a href=\"http:\/\/www.abc.med.br\/p\/saude-da-crianca\/1286343\/plagiocefalia+o+que+e+isso.htm\">Plagiocefalia Posicional\u00a0<\/a>pode ter duas causas: mau posicionamento intra-uterino (dentro do \u00fatero, ou seja, durante a gesta\u00e7\u00e3o) ou o apoio viciado em um dos lados da cabe\u00e7a.<\/p>\n<p style=\"text-align: justify;\">\u00a0<\/p>\n<h3 style=\"text-align: justify;\">&#8211; P<em>osicionamento intra-uterino<\/em><\/h3>\n<p style=\"text-align: justify;\">\u00a0<\/p>\n<p style=\"text-align: justify;\">Apesar de ser mais comum em gesta\u00e7\u00f5es de g\u00eameos, essa deforma\u00e7\u00e3o pode acontecer dentro no \u00fatero da m\u00e3e, quando a posi\u00e7\u00e3o da crian\u00e7a for\u00e7a um dos lados da cabe\u00e7a, fazendo com que ela nas\u00e7a com esse achatamento da parte posterior do cr\u00e2nio.<\/p>\n<p style=\"text-align: justify;\">\u00a0<\/p>\n<h3 style=\"text-align: justify;\">&#8211;\u00a0\u00a0\u00a0\u00a0\u00a0\u00a0\u00a0<em>Apoio viciado em um dos lados da cabe\u00e7a<\/em><\/h3>\n<p style=\"text-align: justify;\">\u00a0<\/p>\n<p style=\"text-align: justify;\">Quando o beb\u00ea est\u00e1 em seus primeiros meses de vida, \u00e9 muito comum que sua cabe\u00e7a penda para um dos lados, j\u00e1 que ele n\u00e3o possui for\u00e7a no pesco\u00e7o para control\u00e1-la. Por isso, \u00e9 muito comum que o beb\u00ea fique apenas em uma posi\u00e7\u00e3o quando est\u00e1 deitado e \u00e9 a\u00ed que mora o perigo da Plagiocefalia Posicional, quando a crian\u00e7a \u201ccria\u201d o v\u00edcio de apoiar o peso da cabe\u00e7a em apenas um lado, fazendo com que ela fique achatada.<\/p>\n<p style=\"text-align: justify;\">\u00a0<\/p>\n<p style=\"text-align: justify;\">Al\u00e9m do mais, com a indica\u00e7\u00e3o de que rec\u00e9m-nascidos devem dormir de barriga para cima, a fim de evitar casos da s\u00edndrome da morte s\u00fabita, \u00e9 preciso que os respons\u00e1veis fiquem ainda mais atentos a isso.<\/p>\n<p style=\"text-align: justify;\">\u00a0<\/p>\n<p style=\"text-align: justify;\">\u00c9 importante lembrar que a parte da moleira da cabe\u00e7a da crian\u00e7a demora cerca de dois anos (contando os nove meses de gesta\u00e7\u00e3o) at\u00e9 se fechar por completo e essa \u00e9 uma das raz\u00f5es da Plagiocefalia acontecer, j\u00e1 que como os ossos ainda est\u00e3o se fechando, qualquer for\u00e7a constante em um lado da cabe\u00e7a pode fazer com que ela fique achatada.<\/p>\n<p style=\"text-align: justify;\">\u00a0<\/p>\n<p style=\"text-align: justify;\"><strong>\u00a0<\/strong><\/p>\n<h2 style=\"text-align: justify;\"><strong>Como \u00e9 feito o diagn\u00f3stico?<\/strong><\/h2>\n<p style=\"text-align: justify;\"><strong>\u00a0<\/strong><\/p>\n<p style=\"text-align: justify;\">Se voc\u00ea notou um pequeno achatamento na cabe\u00e7a do seu beb\u00ea, n\u00e3o precisa se desesperar! Leve seu filhote a um servi\u00e7o de sa\u00fade ou pediatra para ter certeza do diagn\u00f3stico. Por isso, se voc\u00ea tiver alguma desconfian\u00e7a, o primeiro passo \u00e9 procurar ajuda em uma consulta m\u00e9dica.<\/p>\n<p style=\"text-align: justify;\">\u00a0<\/p>\n<p style=\"text-align: justify;\">\u00c9 bastante importante que voc\u00ea n\u00e3o espere muito para marcar a consulta, visto que a Plagiocefalia Posicional deve ser tratada at\u00e9 a crian\u00e7a completar um ano e meio de vida. Ap\u00f3s esse per\u00edodo, se torna quase imposs\u00edvel conseguir alterar a forma est\u00e9tica da cabe\u00e7a e, consequentemente, desfazer os danos causados pela deformidade.<\/p>\n<p style=\"text-align: justify;\">\u00a0<\/p>\n<h2 style=\"text-align: justify;\"><strong>Tratamento da Plagiocefalia<\/strong><\/h2>\n<p style=\"text-align: justify;\"><strong>\u00a0<\/strong><\/p>\n<p style=\"text-align: justify;\">Antes de decidir o tratamento da\u00a0<a href=\"http:\/\/zh.clicrbs.com.br\/rs\/vida-e-estilo\/vida\/noticia\/2016\/07\/entenda-o-que-e-a-plagiocefalia-6303423.html\">Plagiocefalia<\/a>, \u00e9 preciso identificar a gravidade da altera\u00e7\u00e3o no cr\u00e2nio.<\/p>\n<p style=\"text-align: justify;\">\u00a0<\/p>\n<p style=\"text-align: justify;\">Em casos de menor gravidade, \u00e9 poss\u00edvel corrigir os danos com mudan\u00e7as na rotina do beb\u00ea e fisioterapia. J\u00e1 nos casos em que a deformidade est\u00e1 bem avan\u00e7ada, o m\u00e9dico respons\u00e1vel ir\u00e1 receitar o uso de uma \u00f3rtese, tamb\u00e9m conhecida como \u201ccapacete\u201d, para corrigir a assimetria.<\/p>\n<p style=\"text-align: justify;\">\u00a0<\/p>\n<p style=\"text-align: justify;\"><a href=\"plagiocefalia posicional\"><img decoding=\"async\" class=\"aligncenter wp-image-592\" src=\"http:\/\/www.clariceabreu.com.br\/wp-content\/uploads\/2017\/07\/FOTO-3-1.jpg\" alt=\"pla\" width=\"600\" height=\"400\" \/><\/a><\/p>\n<p style=\"text-align: justify;\">\u00a0<\/p>\n<p style=\"text-align: justify;\">O per\u00edodo de tratamento depende de cada caso, mas varia entre tr\u00eas a cinco meses de uso cont\u00ednuo, ou seja, o capacete deve ser usado todos os dias por mais de 23 horas ao dia. Pode parecer um tratamento agressivo para uma crian\u00e7a t\u00e3o pequena, mas a \u00f3rtese \u00e9 feita especialmente para o seu beb\u00ea!<\/p>\n<p style=\"text-align: justify;\">\u00a0<\/p>\n<p style=\"text-align: justify;\">Isso significa que ela ter\u00e1 as medi\u00e7\u00f5es certas, a fim de que n\u00e3o fique apertado ou largo, e ser\u00e1 feita de um material que n\u00e3o irrite a cabe\u00e7a do pequeno. Ainda por serem muito novos, ap\u00f3s algum tempo, a crian\u00e7a n\u00e3o sentir\u00e1 mais a presen\u00e7a do capacete, se tornando algo da rotina do beb\u00ea.<\/p>\n<p style=\"text-align: justify;\">\u00a0<\/p>\n<p style=\"text-align: justify;\"><strong>\u00a0<\/strong><\/p>\n<h2 style=\"text-align: justify;\"><strong>Plagiocefalia Posicional x Cranioestenose<\/strong><\/h2>\n<p style=\"text-align: justify;\"><strong>\u00a0<\/strong><\/p>\n<p style=\"text-align: justify;\">Apesar de muitas pessoas confundirem a Plagiocefalia posicional e a\u00a0<a href=\"http:\/\/www.clariceabreu.com.br\/atuacao\/cirurgia-craniomaxilofacial\/cirurgia-craniofacial-pediatrica\/cranioestenoses-ou-craniossinostoses\/\">Cranioestenose<\/a>, essas duas altera\u00e7\u00f5es s\u00e3o bem diferentes. Veja a diferen\u00e7a entre as deformidades cranianas:<\/p>\n<p style=\"text-align: justify;\">\u00a0<\/p>\n<h3 style=\"text-align: justify;\"><strong>Plagiocefalia posicional:<\/strong>\u00a0<\/h3>\n<p style=\"text-align: justify;\">\u00e9 um achatamento que acontece na parte posterior da cabe\u00e7a da crian\u00e7a quando h\u00e1 um v\u00edcio de apoio ou ainda durante a gesta\u00e7\u00e3o. Seu tratamento \u00e9 feito a partir de mudan\u00e7as do dia a dia ou do uso de uma \u00f3rtese para consertar a assimetria.<\/p>\n<p style=\"text-align: justify;\">\u00a0<\/p>\n<p style=\"text-align: justify;\"><strong>\u00a0<\/strong><\/p>\n<h3 style=\"text-align: justify;\"><strong>Cranioestenose:<\/strong>\u00a0<\/h3>\n<p style=\"text-align: justify;\">acontece quando as suturas cranianas e as fontanelas ou \u201cmoleiras\u201d do beb\u00ea se unem precocemente, fazendo com que exista uma deformidade na cabe\u00e7a da crian\u00e7a, podendo at\u00e9 mesmo prejudicar o seu c\u00e9rebro. O tratamento para essa malforma\u00e7\u00e3o \u00e9 totalmente cir\u00fargico, quando essas suturas s\u00e3o liberadas novamente, permitindo ao cr\u00e2nio conseguir se desenvolver normalmente.<\/p>\n<p style=\"text-align: justify;\">\u00a0<\/p>\n<h2 style=\"text-align: justify;\"><strong>Dicas para evitar a Plagiocefalia Posicional<\/strong><\/h2>\n<p style=\"text-align: justify;\"><strong>\u00a0<\/strong><\/p>\n<p style=\"text-align: justify;\">Agora que voc\u00ea sabe o que \u00e9 a Plagiocefalia posicional, confira algumas dicas para evitar que essa malforma\u00e7\u00e3o aconte\u00e7a com o seu beb\u00ea:<\/p>\n<p style=\"text-align: justify;\">\u00a0<\/p>\n<p>\u00a0&#8211;\u00a0<em>Use apoio de costas:<\/em>\u00a0para evitar que o seu beb\u00ea vire e apoie a cabe\u00e7a do lado que est\u00e1 ficando achatado durante o sono noturno, coloque travesseiros de apoio em suas costas.<\/p>\n<p>\u00a0 &#8211;\u00a0<em>N\u00e3o deixe o beb\u00ea por muito tempo na cadeirinha:<\/em>\u00a0dessa forma, ser\u00e1 muito f\u00e1cil para que a crian\u00e7a fique com os movimentos limitados e deixe a cabe\u00e7a apoiada em apenas um lado.<\/p>\n<p><em>&#8211; De olho no ber\u00e7o:\u00a0<\/em>prefira colocar o ber\u00e7o no meio do quarto. Assim, a crian\u00e7a poder\u00e1 receber est\u00edmulos dos dois lados enquanto ela est\u00e1 deitada, fazendo com que o seu beb\u00ea movimente a cabe\u00e7a para os dois lados, evitando o apoio excessivo em um lado apenas.<\/p>\n<p><em>&#8211; Carregue o beb\u00ea de forma correta:\u00a0<\/em>evite carregar a crian\u00e7a em posi\u00e7\u00f5es que a cabe\u00e7a dele fique apoiada por muito tempo de apenas um lado.<\/p>\n<p style=\"text-align: justify;\">\u00a0<\/p>\n<p style=\"text-align: justify;\"><img alt=\"\" loading=\"lazy\" decoding=\"async\" class=\"aligncenter wp-image-593\" src=\"http:\/\/www.clariceabreu.com.br\/wp-content\/uploads\/2017\/07\/FOTO4.jpg\" alt=\"\" width=\"600\" height=\"400\" \/><\/p>\n<p style=\"text-align: justify;\">\u00a0<\/p>\n<p style=\"text-align: justify;\">&#8211;\u00a0\u00a0\u00a0\u00a0<em>Deixe-o de barriga para baixo:\u00a0<\/em>quando o beb\u00ea estiver acordado e quiser brincar, deixe-o em alguns momentos de barriga para baixo. Assim, ele poder\u00e1 dar um \u201cdescanso\u201d para a parte posterior da cabe\u00e7a e tamb\u00e9m fortalecer\u00e1 os m\u00fasculos do pesco\u00e7o. Lembrando que \u00e9 necess\u00e1rio que um adulto esteja por perto quando o beb\u00ea ficar nessa posi\u00e7\u00e3o.<\/p>\n<p style=\"text-align: justify;\"><strong>\u00a0<\/strong><\/p>\n<p style=\"text-align: justify;\"><strong>\u00a0<\/strong><\/p>\n<p style=\"text-align: justify;\"><strong>\u00a0Gostou do texto? Siga minha p\u00e1gina no Facebook e continue a receber os materiais!<\/strong><\/p>\n<p>&nbsp;<\/p>\n","protected":false},"excerpt":{"rendered":"<p>Cuidar de um beb\u00ea rec\u00e9m-nascido n\u00e3o \u00e9 algo f\u00e1cil! Mesmo com todo o carinho e cuidado dos pais, alguns probleminhas podem acontecer durante o crescimento da crian\u00e7a. Um exemplo disso \u00e9 a\u00a0Plagiocefalia Posicional. \u00a0 \u00a0 Voc\u00ea j\u00e1 ouviu falar dessa deformidade? Apesar do nome complicado, voc\u00ea com certeza j\u00e1 reparou a exist\u00eancia dela em algum [&hellip;]<\/p>\n","protected":false},"author":1,"featured_media":594,"comment_status":"closed","ping_status":"open","sticky":false,"template":"","format":"standard","meta":{"_seopress_robots_primary_cat":"","_seopress_titles_title":"","_seopress_titles_desc":"","_seopress_robots_index":"","footnotes":""},"categories":[87],"tags":[],"class_list":["post-589","post","type-post","status-publish","format-standard","has-post-thumbnail","hentry","category-cranioestenose"],"_links":{"self":[{"href":"https:\/\/clariceabreu.com.br\/pt_br\/wp-json\/wp\/v2\/posts\/589","targetHints":{"allow":["GET"]}}],"collection":[{"href":"https:\/\/clariceabreu.com.br\/pt_br\/wp-json\/wp\/v2\/posts"}],"about":[{"href":"https:\/\/clariceabreu.com.br\/pt_br\/wp-json\/wp\/v2\/types\/post"}],"author":[{"embeddable":true,"href":"https:\/\/clariceabreu.com.br\/pt_br\/wp-json\/wp\/v2\/users\/1"}],"replies":[{"embeddable":true,"href":"https:\/\/clariceabreu.com.br\/pt_br\/wp-json\/wp\/v2\/comments?post=589"}],"version-history":[{"count":0,"href":"https:\/\/clariceabreu.com.br\/pt_br\/wp-json\/wp\/v2\/posts\/589\/revisions"}],"wp:featuredmedia":[{"embeddable":true,"href":"https:\/\/clariceabreu.com.br\/pt_br\/wp-json\/"}],"wp:attachment":[{"href":"https:\/\/clariceabreu.com.br\/pt_br\/wp-json\/wp\/v2\/media?parent=589"}],"wp:term":[{"taxonomy":"category","embeddable":true,"href":"https:\/\/clariceabreu.com.br\/pt_br\/wp-json\/wp\/v2\/categories?post=589"},{"taxonomy":"post_tag","embeddable":true,"href":"https:\/\/clariceabreu.com.br\/pt_br\/wp-json\/wp\/v2\/tags?post=589"}],"curies":[{"name":"wp","href":"https:\/\/api.w.org\/{rel}","templated":true}]}}