{"id":2890,"date":"2025-03-14T11:21:24","date_gmt":"2025-03-14T14:21:24","guid":{"rendered":"https:\/\/www.clariceabreu.com.br\/?p=2890"},"modified":"2025-08-12T23:34:53","modified_gmt":"2025-08-12T23:34:53","slug":"labio-leporino-antes-e-depois","status":"publish","type":"post","link":"https:\/\/clariceabreu.com.br\/pt_br\/labio-leporino-antes-e-depois\/","title":{"rendered":"Cirurgia de l\u00e1bio leporino: antes e depois"},"content":{"rendered":"\n<p>A cirurgia para corrigir o l\u00e1bio leporino \u00e9 uma interven\u00e7\u00e3o delicada realizada para fechar a abertura no l\u00e1bio superior. Este procedimento \u00e9 tipicamente realizado quando o beb\u00ea atinge a idade de 3 a 6 meses, embora a decis\u00e3o espec\u00edfica dependa da sa\u00fade geral do beb\u00ea e de considera\u00e7\u00f5es individuais.<\/p>\n\n\n\n<figure class=\"wp-block-embed is-type-video is-provider-youtube wp-block-embed-youtube wp-embed-aspect-16-9 wp-has-aspect-ratio\"><div class=\"wp-block-embed__wrapper\">\n<iframe title=\"Dra. Clarice Abreu - &quot;Pode operar o l\u00e1bio de um bebe rec\u00e9m nascido? | #queiloplastia\" width=\"800\" height=\"450\" src=\"https:\/\/www.youtube.com\/embed\/lfdWAoP1yDQ?feature=oembed\" frameborder=\"0\" allow=\"accelerometer; autoplay; clipboard-write; encrypted-media; gyroscope; picture-in-picture; web-share\" referrerpolicy=\"strict-origin-when-cross-origin\" allowfullscreen><\/iframe>\n<\/div><\/figure>\n\n\n\n<h2 class=\"wp-block-heading\"><strong>Dra. Clarice Abreu &#8211; &#8220;Pode operar o l\u00e1bio de um bebe rec\u00e9m nascido?<\/strong><\/h2>\n\n\n\n<p>A cirurgia dura em torno de duas horas e \u00e9 realizada sob anestesia geral. O cirurgi\u00e3o faz incis\u00f5es nas bordas do l\u00e1bio, realinha cuidadosamente os tecidos e fecha a abertura. O objetivo \u00e9 n\u00e3o apenas corrigir a est\u00e9tica, mas tamb\u00e9m melhorar a fun\u00e7\u00e3o do l\u00e1bio, permitindo uma fala e alimenta\u00e7\u00e3o mais adequadas.<\/p>\n\n\n\n<p>Neste artigo voc\u00ea confere em detalhes <strong><a href=\"https:\/\/clariceabreu.com.br\/blog\/cirurgia-de-labio-leporino-como-e-feita\/\" data-type=\"URL\" data-id=\"https:\/\/clariceabreu.com.br\/blog\/cirurgia-de-labio-leporino-como-e-feita\/\">como \u00e9 feita a cirurgia de l\u00e1bio leporino<\/a><\/strong><\/p>\n\n\n\n<h2 class=\"wp-block-heading\"><strong>P\u00f3s-operat\u00f3rio da cirurgia de l\u00e1bio leporino<\/strong><\/h2>\n\n\n\n<p>O processo de cicatriza\u00e7\u00e3o \u00e9 acompanhado de perto ap\u00f3s a cirurgia. As incis\u00f5es s\u00e3o delicadamente suturadas para minimizar cicatrizes vis\u00edveis e garantir um resultado esteticamente satisfat\u00f3rio. O beb\u00ea \u00e9 monitorado na sala de recupera\u00e7\u00e3o para assegurar uma transi\u00e7\u00e3o suave da anestesia.<\/p>\n\n\n\n<p>Ap\u00f3s a cirurgia, os pais recebem orienta\u00e7\u00f5es detalhadas sobre os cuidados p\u00f3s-operat\u00f3rios, incluindo a administra\u00e7\u00e3o de medicamentos para al\u00edvio da dor e a limpeza adequada da \u00e1rea operada. Consultas de acompanhamento s\u00e3o agendadas para avaliar a cicatriza\u00e7\u00e3o, remover suturas, se necess\u00e1rio, e monitorar o desenvolvimento do beb\u00ea.<\/p>\n\n\n\n<p>Os resultados do reparo de l\u00e1bio leporino v\u00e3o al\u00e9m da apar\u00eancia est\u00e9tica. A cirurgia visa melhorar a fun\u00e7\u00e3o do l\u00e1bio para facilitar a fala e a alimenta\u00e7\u00e3o.&nbsp;<\/p>\n\n\n\n<p>O acompanhamento multidisciplinar com fonoaudi\u00f3logos, ortodontistas e outros especialistas pode ser necess\u00e1rio, dependendo das necessidades espec\u00edficas da crian\u00e7a \u00e0 medida que ela cresce.<\/p>\n\n\n\n<p>\u00c9 fundamental que os pais compreendam completamente o procedimento, os cuidados p\u00f3s-operat\u00f3rios e o acompanhamento necess\u00e1rio para garantir o bem-estar e a melhor qualidade de vida poss\u00edvel para o beb\u00ea. A equipe m\u00e9dica desempenha um papel crucial, fornecendo apoio emocional e orienta\u00e7\u00e3o durante todo o processo.<\/p>\n\n\n\n<h2 class=\"wp-block-heading\"><strong>Antes e depois da cirurgia de l\u00e1bio leporino<\/strong><\/h2>\n\n\n\n<p>Confira a seguir as fotos do antes e depois das cirurgias de l\u00e1bio leporino realizadas pela Dra. Clarice Abreu.<\/p>\n\n\n\n<figure class=\"wp-block-image size-full\"><img alt=\"\" decoding=\"async\" src=\"https:\/\/clariceabreu.com.br\/wp-content\/uploads\/2024\/07\/cirurgia-labio-leporino-antes-depois.jpeg\" alt=\"\" class=\"wp-image-2891\"\/><\/figure>\n\n\n\n<figure class=\"wp-block-image size-full\"><img alt=\"\" decoding=\"async\" src=\"https:\/\/clariceabreu.com.br\/wp-content\/uploads\/2024\/07\/labio-leporino-antes-depois.jpeg\" alt=\"\" class=\"wp-image-2892\"\/><\/figure>\n","protected":false},"excerpt":{"rendered":"<p>A cirurgia para corrigir o l\u00e1bio leporino \u00e9 uma interven\u00e7\u00e3o delicada realizada para fechar a abertura no l\u00e1bio superior, tipicamente realizado quando o beb\u00ea atinge a idade de 3 a 6 meses.<\/p>\n","protected":false},"author":1,"featured_media":4141,"comment_status":"closed","ping_status":"open","sticky":false,"template":"","format":"standard","meta":{"_seopress_robots_primary_cat":"none","_seopress_titles_title":"","_seopress_titles_desc":"","_seopress_robots_index":"","footnotes":""},"categories":[88],"tags":[],"class_list":["post-2890","post","type-post","status-publish","format-standard","has-post-thumbnail","hentry","category-fissura-labiopalatina"],"_links":{"self":[{"href":"https:\/\/clariceabreu.com.br\/pt_br\/wp-json\/wp\/v2\/posts\/2890","targetHints":{"allow":["GET"]}}],"collection":[{"href":"https:\/\/clariceabreu.com.br\/pt_br\/wp-json\/wp\/v2\/posts"}],"about":[{"href":"https:\/\/clariceabreu.com.br\/pt_br\/wp-json\/wp\/v2\/types\/post"}],"author":[{"embeddable":true,"href":"https:\/\/clariceabreu.com.br\/pt_br\/wp-json\/wp\/v2\/users\/1"}],"replies":[{"embeddable":true,"href":"https:\/\/clariceabreu.com.br\/pt_br\/wp-json\/wp\/v2\/comments?post=2890"}],"version-history":[{"count":0,"href":"https:\/\/clariceabreu.com.br\/pt_br\/wp-json\/wp\/v2\/posts\/2890\/revisions"}],"wp:featuredmedia":[{"embeddable":true,"href":"https:\/\/clariceabreu.com.br\/pt_br\/wp-json\/wp\/v2\/media\/4141"}],"wp:attachment":[{"href":"https:\/\/clariceabreu.com.br\/pt_br\/wp-json\/wp\/v2\/media?parent=2890"}],"wp:term":[{"taxonomy":"category","embeddable":true,"href":"https:\/\/clariceabreu.com.br\/pt_br\/wp-json\/wp\/v2\/categories?post=2890"},{"taxonomy":"post_tag","embeddable":true,"href":"https:\/\/clariceabreu.com.br\/pt_br\/wp-json\/wp\/v2\/tags?post=2890"}],"curies":[{"name":"wp","href":"https:\/\/api.w.org\/{rel}","templated":true}]}}