{"id":2027,"date":"2023-12-05T10:48:46","date_gmt":"2023-12-05T13:48:46","guid":{"rendered":"https:\/\/www.clariceabreu.com.br\/?p=2027"},"modified":"2025-08-12T23:37:05","modified_gmt":"2025-08-12T23:37:05","slug":"o-que-fazer-quando-a-orelha-e-grande-macrotia","status":"publish","type":"post","link":"https:\/\/clariceabreu.com.br\/pt_br\/o-que-fazer-quando-a-orelha-e-grande-macrotia\/","title":{"rendered":"O que fazer quando a orelha \u00e9 grande? Tudo sobre a macrotia"},"content":{"rendered":"\n<p>A propor\u00e7\u00e3o e a forma das orelhas variam amplamente entre as pessoas, contribuindo para a diversidade de caracter\u00edsticas f\u00edsicas que tornam cada indiv\u00edduo \u00fanico. No entanto, em alguns casos, uma orelha pode ser percebida como grande em rela\u00e7\u00e3o \u00e0 cabe\u00e7a, o que pode levar a preocupa\u00e7\u00f5es est\u00e9ticas e quest\u00f5es emocionais. Neste artigo, exploraremos a condi\u00e7\u00e3o conhecida como macrotia, discutindo suas causas, implica\u00e7\u00f5es e op\u00e7\u00f5es dispon\u00edveis para aqueles que est\u00e3o insatisfeitos com o tamanho excessivo da orelha.<\/p>\n\n\n\n<figure class=\"wp-block-image size-large\"><img alt=\"\" decoding=\"async\" src=\"https:\/\/clariceabreu.com.br\/wp-content\/uploads\/2023\/12\/macrotia-orelha-grande-1024x679.jpg\" alt=\"\" class=\"wp-image-2028\"\/><\/figure>\n\n\n\n<div style=\"height:30px\" aria-hidden=\"true\" class=\"wp-block-spacer\"><\/div>\n\n\n\n<h2 class=\"wp-block-heading\"><strong>O que \u00e9 considerado uma orelha grande?<\/strong><\/h2>\n\n\n\n<div style=\"height:30px\" aria-hidden=\"true\" class=\"wp-block-spacer\"><\/div>\n\n\n\n<p>O tamanho considerado normal ou grande para uma orelha pode variar de pessoa para pessoa. O que \u00e9 considerado grande para alguns pode n\u00e3o ser percebido da mesma forma por outros. De maneira geral, orelhas que parecem desproporcionalmente grandes em compara\u00e7\u00e3o com o tamanho da cabe\u00e7a podem ser percebidas como grandes.<\/p>\n\n\n\n<p>Padr\u00f5es culturais e est\u00e9ticos tamb\u00e9m podem influenciar a percep\u00e7\u00e3o do tamanho da orelha. Em algumas culturas, orelhas maiores podem ser consideradas normais ou at\u00e9 mesmo desej\u00e1veis, enquanto em outras, orelhas menores podem ser preferidas.&nbsp;<\/p>\n\n\n\n<p>No entanto, existem algumas diretrizes gerais que podem ajudar a entender quando a orelha apresenta um tamanho excessivo em rela\u00e7\u00e3o \u00e0s propor\u00e7\u00f5es normais da cabe\u00e7a, caracterizando a condi\u00e7\u00e3o chamada macrotia, como veremos a seguir.&nbsp;<\/p>\n\n\n\n<div style=\"height:30px\" aria-hidden=\"true\" class=\"wp-block-spacer\"><\/div>\n\n\n\n<h2 class=\"wp-block-heading\"><strong>O que \u00e9 e como saber se uma pessoa tem macrotia?<\/strong><\/h2>\n\n\n\n<div style=\"height:30px\" aria-hidden=\"true\" class=\"wp-block-spacer\"><\/div>\n\n\n\n<p>Enquanto as orelhas grandes podem ser um tra\u00e7o gen\u00e9tico natural, a macrotia refere-se a uma condi\u00e7\u00e3o em que o tamanho da orelha \u00e9 significativamente maior do que o considerado m\u00e9dio ou proporcional ao tamanho da cabe\u00e7a.<\/p>\n\n\n\n<p>De acordo com a literatura acad\u00eamica, a altura entendida como normal para uma orelha pode variar de 5,5cm a 6,5cm, ou at\u00e9 7cm para alguns pacientes, com largura correspondente a 55% a 60% desta medida. Voc\u00ea pode conferir mais detalhes no v\u00eddeo abaixo, que traz uma vis\u00e3o geral sobre a Macrotia.<\/p>\n\n\n\n<figure class=\"wp-block-embed is-type-video is-provider-youtube wp-block-embed-youtube wp-embed-aspect-16-9 wp-has-aspect-ratio\"><div class=\"wp-block-embed__wrapper\">\n<iframe title=\"Dra. Clarice - Responde: O que \u00e9 Macrotia?\" width=\"800\" height=\"450\" src=\"https:\/\/www.youtube.com\/embed\/dzT6gZLa9wA?feature=oembed\" frameborder=\"0\" allow=\"accelerometer; autoplay; clipboard-write; encrypted-media; gyroscope; picture-in-picture; web-share\" referrerpolicy=\"strict-origin-when-cross-origin\" allowfullscreen><\/iframe>\n<\/div><\/figure>\n\n\n\n<p>Assim como outras caracter\u00edsticas f\u00edsicas, a percep\u00e7\u00e3o sobre o tamanho das orelhas pode ser altamente subjetiva, e determinar se uma pessoa tem macrotia geralmente envolve a avalia\u00e7\u00e3o de um profissional de sa\u00fade, como um cirurgi\u00e3o pl\u00e1stico ou especialista em orelhas. O m\u00e9dico poder\u00e1 diagnosticar a macrotia atrav\u00e9s de um exame cl\u00ednico, avaliando o tamanho e a propor\u00e7\u00e3o das orelhas em rela\u00e7\u00e3o \u00e0 cabe\u00e7a.<\/p>\n\n\n\n<p>O profissional tamb\u00e9m levar\u00e1 em conta a simetria entre as orelhas, verificando se uma delas \u00e9 notavelmente maior do que a outra. No entanto, \u00e9 importante ressaltar que a assimetria \u00e9 normal e presente em muitas pessoas, e nem sempre \u00e9 indicativa de macrotia.<\/p>\n\n\n\n<p>A macrotia \u00e9 uma condi\u00e7\u00e3o avaliada com base em crit\u00e9rios m\u00e9dicos e est\u00e9ticos. Se houver preocupa\u00e7\u00f5es significativas com o tamanho da orelha, \u00e9 aconselh\u00e1vel procurar um cirurgi\u00e3o pl\u00e1stico especializado em otoplastia ou um especialista em craniofacial. Esses profissionais podem avaliar cuidadosamente a situa\u00e7\u00e3o e determinar se a orelha \u00e9 considerada macrotia.<\/p>\n\n\n\n<div style=\"height:30px\" aria-hidden=\"true\" class=\"wp-block-spacer\"><\/div>\n\n\n\n<h2 class=\"wp-block-heading\"><strong>Causas da Macrotia<\/strong><\/h2>\n\n\n\n<div style=\"height:30px\" aria-hidden=\"true\" class=\"wp-block-spacer\"><\/div>\n\n\n\n<p>A macrotia pode ter diversas causas, envolvendo fatores gen\u00e9ticos, anormalidades no desenvolvimento embrion\u00e1rio e outros elementos. Aqui est\u00e3o algumas poss\u00edveis causas da macrotia:<\/p>\n\n\n\n<p><strong>Fatores Gen\u00e9ticos:<\/strong> A predisposi\u00e7\u00e3o gen\u00e9tica desempenha um papel importante em v\u00e1rias caracter\u00edsticas f\u00edsicas, incluindo o tamanho das orelhas. Se houver hist\u00f3rico familiar de orelhas maiores, a probabilidade de um indiv\u00edduo tamb\u00e9m apresentar macrotia pode aumentar.<\/p>\n\n\n\n<p><strong>Desenvolvimento Embrion\u00e1rio Anormal:<\/strong> Durante a fase de desenvolvimento embrion\u00e1rio, as estruturas faciais, incluindo as orelhas, s\u00e3o formadas. Anormalidades nesse processo de desenvolvimento podem resultar em caracter\u00edsticas f\u00edsicas incomuns, como orelhas maiores.<\/p>\n\n\n\n<p><strong>Condi\u00e7\u00f5es Gen\u00e9ticas ou S\u00edndromes:<\/strong> Algumas condi\u00e7\u00f5es gen\u00e9ticas ou s\u00edndromes podem estar associadas a caracter\u00edsticas f\u00edsicas \u00fanicas, incluindo o tamanho das orelhas. Essas condi\u00e7\u00f5es podem variar amplamente e podem ser detectadas por um m\u00e9dico especializado.<\/p>\n\n\n\n<p><strong>Desequil\u00edbrios Hormonais:<\/strong> Certos desequil\u00edbrios hormonais durante o desenvolvimento podem influenciar o crescimento excessivo da cartilagem, resultando em macrotia.<\/p>\n\n\n\n<p>Em alguns casos, o tamanho das orelhas pode simplesmente ser uma varia\u00e7\u00e3o normal dentro da ampla gama de caracter\u00edsticas f\u00edsicas humanas. Nem sempre h\u00e1 uma causa espec\u00edfica identific\u00e1vel para o tamanho das orelhas.<\/p>\n\n\n\n<div style=\"height:30px\" aria-hidden=\"true\" class=\"wp-block-spacer\"><\/div>\n\n\n\n<h2 class=\"wp-block-heading\"><strong>Por que as orelhas de idosos s\u00e3o grandes?<\/strong><\/h2>\n\n\n\n<div style=\"height:30px\" aria-hidden=\"true\" class=\"wp-block-spacer\"><\/div>\n\n\n\n<p>As orelhas aparentam ser maiores em idosos por uma combina\u00e7\u00e3o de fatores relacionados ao pr\u00f3prio envelhecimento. A principal raz\u00e3o \u00e9 a perda de elasticidade e firmeza da pele, que ocorre devido \u00e0 diminui\u00e7\u00e3o do col\u00e1geno e da elastina. Isso pode fazer com que a pele das orelhas se torne mais fl\u00e1cida e se estenda, resultando em uma apar\u00eancia de maior tamanho.<\/p>\n\n\n\n<p>Outro fator \u00e9 a redistribui\u00e7\u00e3o de gordura, comum com o passar dos anos. \u00c0 medida que a gordura subjacente diminui ou \u00e9 redistribu\u00edda para outras \u00e1reas do corpo, as orelhas podem parecer mais proeminentes em rela\u00e7\u00e3o ao rosto.<\/p>\n\n\n\n<p>Os m\u00fasculos e tecidos subjacentes tamb\u00e9m sofrem altera\u00e7\u00f5es com o envelhecimento. Quando essas estruturas de outras \u00e1reas do rosto enfraquecem e perdem tonicidade, as orelhas ganham aspecto mais proeminente.<\/p>\n\n\n\n<p>A cartilagem que comp\u00f5e a estrutura da orelha tamb\u00e9m pode sofrer altera\u00e7\u00f5es com a idade. Ela pode se tornar mais flex\u00edvel e menos capaz de manter a forma original, o que pode resultar em uma apar\u00eancia mais proeminente das orelhas.<\/p>\n\n\n\n<p>O aumento no tamanho aparente das orelhas \u00e9 um aspecto natural do envelhecimento e pode variar de pessoa para pessoa. Se algu\u00e9m est\u00e1 preocupado com as mudan\u00e7as em suas orelhas relacionadas \u00e0 idade, um cirurgi\u00e3o pl\u00e1stico, pode fornecer informa\u00e7\u00f5es e orienta\u00e7\u00f5es sobre a cirurgia de otoplastia, se desejar abordar essas mudan\u00e7as est\u00e9ticas.<\/p>\n\n\n\n<figure class=\"wp-block-image size-large\"><img alt=\"\" decoding=\"async\" src=\"https:\/\/clariceabreu.com.br\/wp-content\/uploads\/2023\/12\/macrotia-idosos-1024x646.jpg\" alt=\"\" class=\"wp-image-2029\"\/><\/figure>\n\n\n\n<div style=\"height:30px\" aria-hidden=\"true\" class=\"wp-block-spacer\"><\/div>\n\n\n\n<h2 class=\"wp-block-heading\"><strong>Implica\u00e7\u00f5es emocionais da Macrotia<\/strong><\/h2>\n\n\n\n<div style=\"height:30px\" aria-hidden=\"true\" class=\"wp-block-spacer\"><\/div>\n\n\n\n<p>Apesar de ser mais comum em idosos, aqueles que apresentam a macrotia como condi\u00e7\u00e3o cong\u00eanita podem sofrer impactos relevantes em sua autoestima. Orelhas excessivamente grandes afetam a confian\u00e7a de um indiv\u00edduo, especialmente durante os anos de crescimento e desenvolvimento.&nbsp;<\/p>\n\n\n\n<p>Crian\u00e7as e adolescentes com macrotia podem experimentar bullying ou constrangimento devido \u00e0 apar\u00eancia das orelhas. Essas preocupa\u00e7\u00f5es podem se estender at\u00e9 a idade adulta, impactando a maneira como uma pessoa se v\u00ea e como \u00e9 percebida pelos outros.<\/p>\n\n\n\n<p>Se voc\u00ea est\u00e1 preocupado com o tamanho de suas orelhas, \u00e9 aconselh\u00e1vel procurar a opini\u00e3o de um profissional de sa\u00fade ou de um cirurgi\u00e3o pl\u00e1stico especializado em otoplastia. Esses profissionais podem avaliar a situa\u00e7\u00e3o individualmente, levando em considera\u00e7\u00e3o fatores anat\u00f4micos, est\u00e9ticos e emocionais, e fornecer orienta\u00e7\u00f5es sobre a cirurgia.<\/p>\n\n\n\n<div style=\"height:30px\" aria-hidden=\"true\" class=\"wp-block-spacer\"><\/div>\n\n\n\n<h2 class=\"wp-block-heading\"><strong>Tratamento da Macrotia &#8211; Cirurgia de Otoplastia<\/strong><\/h2>\n\n\n\n<div style=\"height:30px\" aria-hidden=\"true\" class=\"wp-block-spacer\"><\/div>\n\n\n\n<p>A cirurgia de otoplastia \u00e9 um procedimento comum usado para corrigir a posi\u00e7\u00e3o, a forma ou o tamanho das orelhas. Durante a otoplastia para tratar a macrotia, o cirurgi\u00e3o pl\u00e1stico pode remover o excesso de cartilagem e pele para atingir uma propor\u00e7\u00e3o mais est\u00e9tica em rela\u00e7\u00e3o \u00e0 cabe\u00e7a.<\/p>\n\n\n\n<p>A cirurgia de otoplastia oferece uma abordagem eficaz para corrigir o tamanho da orelha e melhorar a est\u00e9tica facial. No entanto, a decis\u00e3o de se submeter \u00e0 cirurgia deve ser ponderada, com expectativas realistas e discuss\u00f5es detalhadas com um cirurgi\u00e3o pl\u00e1stico experiente. O importante \u00e9 que cada pessoa tem o direito de fazer escolhas sobre sua apar\u00eancia, e a cirurgia est\u00e9tica pode proporcionar um impacto positivo na autoconfian\u00e7a e na qualidade de vida.<\/p>\n","protected":false},"excerpt":{"rendered":"<p>O que \u00e9 uma orelha considerada grande? Confira as causas, implica\u00e7\u00f5es e tratamento da macrotia.<\/p>\n","protected":false},"author":1,"featured_media":2028,"comment_status":"closed","ping_status":"open","sticky":false,"template":"","format":"standard","meta":{"_seopress_robots_primary_cat":"","_seopress_titles_title":"","_seopress_titles_desc":"","_seopress_robots_index":"","footnotes":""},"categories":[86],"tags":[],"class_list":["post-2027","post","type-post","status-publish","format-standard","has-post-thumbnail","hentry","category-orelha"],"_links":{"self":[{"href":"https:\/\/clariceabreu.com.br\/pt_br\/wp-json\/wp\/v2\/posts\/2027","targetHints":{"allow":["GET"]}}],"collection":[{"href":"https:\/\/clariceabreu.com.br\/pt_br\/wp-json\/wp\/v2\/posts"}],"about":[{"href":"https:\/\/clariceabreu.com.br\/pt_br\/wp-json\/wp\/v2\/types\/post"}],"author":[{"embeddable":true,"href":"https:\/\/clariceabreu.com.br\/pt_br\/wp-json\/wp\/v2\/users\/1"}],"replies":[{"embeddable":true,"href":"https:\/\/clariceabreu.com.br\/pt_br\/wp-json\/wp\/v2\/comments?post=2027"}],"version-history":[{"count":0,"href":"https:\/\/clariceabreu.com.br\/pt_br\/wp-json\/wp\/v2\/posts\/2027\/revisions"}],"wp:featuredmedia":[{"embeddable":true,"href":"https:\/\/clariceabreu.com.br\/pt_br\/wp-json\/"}],"wp:attachment":[{"href":"https:\/\/clariceabreu.com.br\/pt_br\/wp-json\/wp\/v2\/media?parent=2027"}],"wp:term":[{"taxonomy":"category","embeddable":true,"href":"https:\/\/clariceabreu.com.br\/pt_br\/wp-json\/wp\/v2\/categories?post=2027"},{"taxonomy":"post_tag","embeddable":true,"href":"https:\/\/clariceabreu.com.br\/pt_br\/wp-json\/wp\/v2\/tags?post=2027"}],"curies":[{"name":"wp","href":"https:\/\/api.w.org\/{rel}","templated":true}]}}