{"id":2001,"date":"2023-10-09T12:51:58","date_gmt":"2023-10-09T15:51:58","guid":{"rendered":"https:\/\/www.clariceabreu.com.br\/?p=2001"},"modified":"2025-08-12T17:17:17","modified_gmt":"2025-08-12T17:17:17","slug":"quem-tem-microtia-pode-ouvir","status":"publish","type":"post","link":"https:\/\/clariceabreu.com.br\/es\/quem-tem-microtia-pode-ouvir\/","title":{"rendered":"Quem tem microtia pode ouvir? Graus e tratamentos da microtia"},"content":{"rendered":"<p>Microtia \u00e9 uma condi\u00e7\u00e3o cong\u00eanita rara em que a orelha externa n\u00e3o se desenvolve completamente ou est\u00e1 ausente no nascimento. A palavra &#8220;microtia&#8221; deriva do grego &#8220;micro&#8221;, que significa pequeno, e &#8220;otia&#8221;, que se refere \u00e0 orelha. A microtia pode variar em gravidade, desde uma malforma\u00e7\u00e3o leve da orelha at\u00e9 a completa aus\u00eancia da mesma.<\/p>\n\n\n\n<p>A maioria dos pacientes com essa condi\u00e7\u00e3o apresenta a microtia unilateral, ou seja, em apenas uma das orelhas, mas pode ocorrer em ambos os lados em cerca de 10% dos casos. A microtia \u00e9 considerada uma malforma\u00e7\u00e3o cong\u00eanita, o que significa que ocorre durante o desenvolvimento do feto no \u00fatero, geralmente no primeiro trimestre da gravidez.<\/p>\n\n\n\n<figure class=\"wp-block-image size-large\"><img decoding=\"async\" src=\"https:\/\/clariceabreu.com.br\/wp-content\/uploads\/2023\/10\/quem-tem-microtia-pode-ouvir-1024x714.jpg\" alt=\"Crian\u00e7a com microtia\" class=\"wp-image-2005\"\/><\/figure>\n\n\n\n<p><strong>Quais as causas da microtia?<\/strong><\/p>\n\n\n\n<p>As causas espec\u00edficas da microtia n\u00e3o s\u00e3o completamente compreendidas, mas acredita-se que essa condi\u00e7\u00e3o seja o resultado de uma combina\u00e7\u00e3o de fatores gen\u00e9ticos e ambientais durante o desenvolvimento fetal. Algumas das poss\u00edveis causas incluem:<\/p>\n\n\n\n<p><strong>Fatores gen\u00e9ticos<\/strong>: Acredita-se que a microtia possa ter uma base gen\u00e9tica em alguns casos, visto que a ocorr\u00eancia pode ser maior em fam\u00edlias com hist\u00f3rico dessa condi\u00e7\u00e3o. No entanto, a gen\u00e9tica n\u00e3o \u00e9 a \u00fanica causa, e muitos casos de microtia n\u00e3o t\u00eam uma liga\u00e7\u00e3o clara com fatores gen\u00e9ticos.<\/p>\n\n\n\n<p><strong>Fatores ambientais<\/strong>: Alguns pesquisadores acreditam que a exposi\u00e7\u00e3o a certos fatores ambientais durante a gravidez pode aumentar o risco de desenvolvimento de microtia, como nfec\u00e7\u00f5es maternas, exposi\u00e7\u00e3o a certos medicamentos ou toxinas e outras condi\u00e7\u00f5es que possam afetar o desenvolvimento fetal.<\/p>\n\n\n\n<p><strong>Fatores multifatoriais<\/strong>: \u00c9 prov\u00e1vel que a microtia seja causada por uma combina\u00e7\u00e3o de fatores gen\u00e9ticos e ambientais. A intera\u00e7\u00e3o entre esses fatores ainda n\u00e3o \u00e9 totalmente compreendida, mas \u00e9 poss\u00edvel que a presen\u00e7a de certos genes em combina\u00e7\u00e3o com determinados fatores ambientais aumente a suscetibilidade ao desenvolvimento da condi\u00e7\u00e3o.<\/p>\n\n\n\n<p>Embora as causas exatas da microtia ainda sejam objeto de pesquisa, \u00e9 importante destacar que a maioria dos casos \u00e9 espor\u00e1dica, ou seja, n\u00e3o tem origem heredit\u00e1ria conhecida e ocorre de forma isolada em uma \u00fanica fam\u00edlia. A condi\u00e7\u00e3o geralmente \u00e9 diagnosticada durante o exame f\u00edsico ap\u00f3s o nascimento, e os pais devem procurar orienta\u00e7\u00e3o m\u00e9dica especializada para determinar a gravidade da microtia e discutir as op\u00e7\u00f5es de tratamento, caso sejam necess\u00e1rias.<\/p>\n\n\n\n<p>Neste v\u00eddeo, voc\u00ea confere mais informa\u00e7\u00f5es sobre a rela\u00e7\u00e3o da microtia com fatores gen\u00e9ticos, bem como a possibilidade associa\u00e7\u00e3o com outras s\u00edndromes:<\/p>\n\n\n\n<figure class=\"wp-block-embed is-type-video is-provider-youtube wp-block-embed-youtube wp-embed-aspect-16-9 wp-has-aspect-ratio\"><div class=\"wp-block-embed__wrapper\">\n<iframe title=\"Dra. Clarice Responde - Microtia e Gen\u00e9tica\" width=\"800\" height=\"450\" src=\"https:\/\/www.youtube.com\/embed\/JAIm8Fz9Fdc?feature=oembed\" frameborder=\"0\" allow=\"accelerometer; autoplay; clipboard-write; encrypted-media; gyroscope; picture-in-picture; web-share\" referrerpolicy=\"strict-origin-when-cross-origin\" allowfullscreen><\/iframe>\n<\/div><\/figure>\n\n\n\n<p><strong>Quem tem microtia pode ouvir?<\/strong><\/p>\n\n\n\n<p>A capacidade auditiva de uma pessoa com microtia pode variar dependendo do grau de gravidade da condi\u00e7\u00e3o e de como ela afetou o desenvolvimento do canal auditivo e das estruturas auditivas internas. Em casos leves de microtia, onde a malforma\u00e7\u00e3o \u00e9 menos pronunciada, a audi\u00e7\u00e3o pode ser normal ou apenas levemente afetada na orelha afetada.<\/p>\n\n\n\n<p>No entanto, nos casos mais graves de microtia, como a anotia (aus\u00eancia completa da orelha externa), a aus\u00eancia ou subdesenvolvimento do canal auditivo e das estruturas internas da orelha podem levar a uma perda auditiva significativa na orelha afetada. A anotia \u00e9 o grau mais severo de microtia e, nesses casos, a pessoa pode ter uma audi\u00e7\u00e3o bastante comprometida na orelha afetada.<\/p>\n\n\n\n<p>\u00c9 importante destacar que, independentemente do grau de microtia, a outra orelha n\u00e3o afetada (se presente) geralmente tem audi\u00e7\u00e3o normal, o que \u00e9 conhecido como audi\u00e7\u00e3o monaural. Isso significa que, mesmo que a audi\u00e7\u00e3o seja afetada em uma orelha devido \u00e0 microtia, a pessoa ainda pode ouvir normalmente usando a orelha n\u00e3o afetada.<\/p>\n\n\n\n<p>Para pessoas com perda auditiva devido \u00e0 microtia, o uso de pr\u00f3teses auditivas ou implantes cocleares pode ser recomendado como forma de melhorar a audi\u00e7\u00e3o. Esses dispositivos eletr\u00f4nicos ajudam a amplificar os sons e enviar est\u00edmulos sonoros diretamente ao nervo auditivo, permitindo que a pessoa com microtia tenha uma melhor percep\u00e7\u00e3o auditiva.<\/p>\n\n\n\n<p>Se o seu filho tem o diagn\u00f3stico de microtia, confira neste artigo todos os passos do que deve ser feito a partir de agora: <a href=\"https:\/\/clariceabreu.com.br\/es\/blog\/microtia-por-onde-comecar\/\">Microtia: por onde come\u00e7ar?<\/a><\/p>\n\n\n\n<p><strong>Quais s\u00e3o os tipos de microtia?<\/strong><\/p>\n\n\n\n<p>Os tipos de microtia s\u00e3o classificados com base na gravidade da malforma\u00e7\u00e3o da orelha externa. Existem quatro principais classifica\u00e7\u00f5es, conhecidas como graus de microtia, que podem variar desde uma malforma\u00e7\u00e3o leve at\u00e9 a aus\u00eancia completa da orelha. A seguir, est\u00e3o os principais tipos de microtia:<\/p>\n\n\n\n<p><strong>Grau I &#8211; Microtia leve:<\/strong> Neste tipo de microtia, a orelha \u00e9 menor do que o normal, mas ainda possui estruturas b\u00e1sicas relativamente bem formadas, como o l\u00f3bulo da orelha e a abertura do canal auditivo. A orelha pode parecer ligeiramente achatada, mas a audi\u00e7\u00e3o geralmente n\u00e3o \u00e9 afetada significativamente.<\/p>\n\n\n\n<p><strong>Grau II &#8211; Microtia moderada:<\/strong> A microtia de grau II \u00e9 caracterizada por uma malforma\u00e7\u00e3o mais pronunciada da orelha. A orelha \u00e9 parcialmente formada, mas as estruturas s\u00e3o mais deficientes, com uma apar\u00eancia mais achatada e subdesenvolvida. O canal auditivo tamb\u00e9m pode ser afetado, e a audi\u00e7\u00e3o pode estar comprometida na orelha afetada.<\/p>\n\n\n\n<p><strong>Grau III &#8211; Microtia severa:<\/strong> Na microtia de grau III, a orelha \u00e9 significativamente subdesenvolvida, com poucas estruturas presentes. O canal auditivo \u00e9 ausente ou muito estreito, levando a uma perda auditiva mais acentuada na orelha afetada. A orelha pode se assemelhar a uma pequena protuber\u00e2ncia ou remanescente de cartilagem.<\/p>\n\n\n\n<p><strong>Grau IV &#8211; Anotia:<\/strong> A anotia \u00e9 o grau mais grave de microtia, caracterizado pela aus\u00eancia completa da orelha externa. Nesses casos, apenas uma pequena protuber\u00e2ncia ou resqu\u00edcio de tecido pode estar presente onde a orelha deveria estar. A aus\u00eancia da orelha afeta significativamente a audi\u00e7\u00e3o, e o paciente pode necessitar de pr\u00f3teses auditivas para melhorar a capacidade auditiva.<\/p>\n\n\n\n<p><\/p>\n\n\n\n<p><strong>Qual o tratamento para a microtia?<\/strong><\/p>\n\n\n\n<p>O tratamento para a microtia depende da gravidade da condi\u00e7\u00e3o e das necessidades individuais do paciente. Vale ressaltar que a microtia pode variar em intensidade, desde uma malforma\u00e7\u00e3o leve da orelha at\u00e9 a completa aus\u00eancia da mesma. As principais op\u00e7\u00f5es de tratamento incluem:<\/p>\n\n\n\n<p><strong>Cirurgia de reconstru\u00e7\u00e3o da orelha:<\/strong> Para casos mais graves de microtia, a cirurgia de reconstru\u00e7\u00e3o da orelha pode ser realizada para criar uma orelha mais funcional e esteticamente agrad\u00e1vel. Esse procedimento \u00e9 geralmente realizado quando a crian\u00e7a atinge uma idade mais adequada, geralmente entre 7 e 10 anos, quando a estrutura da orelha est\u00e1 mais desenvolvida. A cirurgia envolve a cria\u00e7\u00e3o de uma orelha usando tecidos do pr\u00f3prio corpo do paciente, geralmente a cartilagem costal (da caixa tor\u00e1cica), que \u00e9 moldada e posicionada para se assemelhar a uma orelha normal.<\/p>\n\n\n\n<figure class=\"wp-block-image size-full\"><img decoding=\"async\" src=\"https:\/\/clariceabreu.com.br\/wp-content\/uploads\/2023\/10\/microtia-reconstrucao-da-orelha-molde.jpg\" alt=\"Molde para reconstru\u00e7\u00e3o da orelha\" class=\"wp-image-2004\"\/><\/figure>\n\n\n\n<figure class=\"wp-block-image size-full\"><img decoding=\"async\" src=\"https:\/\/clariceabreu.com.br\/wp-content\/uploads\/2023\/10\/microtia-reconstrucao-da-orelha-cirurgia.jpg\" alt=\"Marca\u00e7\u00e3o para cirurgia de reconstru\u00e7\u00e3o da orelha\" class=\"wp-image-2003\"\/><\/figure>\n\n\n\n<figure class=\"wp-block-image size-full\"><img decoding=\"async\" src=\"https:\/\/clariceabreu.com.br\/wp-content\/uploads\/2023\/10\/microtia-cirurgia-reconstrucao-da-orelha.jpg\" alt=\"Cirurgia de reconstru\u00e7\u00e3o da orelha com o mole\" class=\"wp-image-2002\"\/><\/figure>\n\n\n\n<figure class=\"wp-block-image size-full\"><img decoding=\"async\" src=\"https:\/\/clariceabreu.com.br\/wp-content\/uploads\/2023\/10\/reconstrucao-orelha-microtia.jpg\" alt=\"P\u00f3s-operat\u00f3rio imediato da cirurgia de reconstru\u00e7\u00e3o da orelha\" class=\"wp-image-2006\"\/><figcaption><em>P\u00f3s-operat\u00f3rio imediato da reconstru\u00e7\u00e3o da orelha.<\/em><\/figcaption><\/figure>\n\n\n\n<p><strong>Pr\u00f3tese est\u00e9tica:<\/strong> Em casos em que a cirurgia de reconstru\u00e7\u00e3o n\u00e3o \u00e9 indicada ou desejada, pode-se optar por pr\u00f3teses est\u00e9ticas sob medida que se encaixam sobre a \u00e1rea afetada e se assemelham a uma orelha normal. Essas pr\u00f3teses s\u00e3o feitas de materiais seguros e n\u00e3o invasivos.<\/p>\n\n\n\n<p><strong>Pr\u00f3tese auditiva:<\/strong> Em alguns casos, a microtia pode afetar o canal auditivo e, consequentemente, a audi\u00e7\u00e3o. Nesses casos, uma pr\u00f3tese auditiva pode ser recomendada para melhorar a audi\u00e7\u00e3o na orelha afetada. As pr\u00f3teses auditivas s\u00e3o dispositivos que amplificam o som e s\u00e3o projetados para se ajustar confortavelmente ao ouvido do paciente.<\/p>\n\n\n\n<p>Nos v\u00eddeos abaixo, voc\u00ea pode saber mais detalhes sobre a cirurgia de microtia e sua recupera\u00e7\u00e3o, se \u00e9 poss\u00edvel realizar a reconstru\u00e7\u00e3o do canal auditivo quando ausente, se a m\u00e3e pode ser doadora da cartilagem a ser utilizada, entre muitas outras d\u00favidas frequentemente levantadas pelos pacientes:<\/p>\n\n\n\n<figure class=\"wp-block-embed is-type-video is-provider-youtube wp-block-embed-youtube wp-embed-aspect-16-9 wp-has-aspect-ratio\"><div class=\"wp-block-embed__wrapper\">\n<iframe title=\"Dra. Clarice Responde: MICROTIA - Parte 01\" width=\"800\" height=\"450\" src=\"https:\/\/www.youtube.com\/embed\/dFNOJTbbjfI?feature=oembed\" frameborder=\"0\" allow=\"accelerometer; autoplay; clipboard-write; encrypted-media; gyroscope; picture-in-picture; web-share\" referrerpolicy=\"strict-origin-when-cross-origin\" allowfullscreen><\/iframe>\n<\/div><\/figure>\n\n\n\n<figure class=\"wp-block-embed is-type-video is-provider-youtube wp-block-embed-youtube wp-embed-aspect-16-9 wp-has-aspect-ratio\"><div class=\"wp-block-embed__wrapper\">\n<iframe title=\"Dra. Clarice Responde: MICROTIA  - Parte 02\" width=\"800\" height=\"450\" src=\"https:\/\/www.youtube.com\/embed\/4KScoJOtLkY?feature=oembed\" frameborder=\"0\" allow=\"accelerometer; autoplay; clipboard-write; encrypted-media; gyroscope; picture-in-picture; web-share\" referrerpolicy=\"strict-origin-when-cross-origin\" allowfullscreen><\/iframe>\n<\/div><\/figure>\n\n\n\n<p>Apesar de todos os tratamentos cab\u00edveis em rela\u00e7\u00e3o \u00e0 maforma\u00e7\u00e3o da orelha, deve-se considerar que um diagn\u00f3stico de microtia pode ter um impacto emocional significativo no paciente e em sua fam\u00edlia. Para algumas crian\u00e7as, a condi\u00e7\u00e3o poder\u00e1 ser encarada com bastante\u00a0 tranquilidade, enquanto, para outras, ser\u00e1 importante fornecer suporte emocional para lidar com os desafios associados \u00e0 condi\u00e7\u00e3o.<\/p>\n\n\n\n<p>A escolha do tratamento depender\u00e1 da avalia\u00e7\u00e3o do m\u00e9dico especialista em otorrinolaringologia ou cirurgia pl\u00e1stica, levando em considera\u00e7\u00e3o o grau de severidade da microtia, a idade da crian\u00e7a, as expectativas e a sa\u00fade geral do paciente. \u00c9 fundamental discutir as op\u00e7\u00f5es de tratamento com o m\u00e9dico para determinar o plano mais adequado e seguro para cada caso individual.<\/p>","protected":false},"excerpt":{"rendered":"<p>Quais s\u00e3o as causas e os tipos de microtia? Tem tratamento? \u00c9 poss\u00edvel reconstruir a orelha?<\/p>","protected":false},"author":1,"featured_media":2005,"comment_status":"closed","ping_status":"open","sticky":false,"template":"","format":"standard","meta":{"_seopress_robots_primary_cat":"","_seopress_titles_title":"","_seopress_titles_desc":"","_seopress_robots_index":"","footnotes":""},"categories":[86],"tags":[],"class_list":["post-2001","post","type-post","status-publish","format-standard","has-post-thumbnail","hentry","category-orelha"],"_links":{"self":[{"href":"https:\/\/clariceabreu.com.br\/es\/wp-json\/wp\/v2\/posts\/2001","targetHints":{"allow":["GET"]}}],"collection":[{"href":"https:\/\/clariceabreu.com.br\/es\/wp-json\/wp\/v2\/posts"}],"about":[{"href":"https:\/\/clariceabreu.com.br\/es\/wp-json\/wp\/v2\/types\/post"}],"author":[{"embeddable":true,"href":"https:\/\/clariceabreu.com.br\/es\/wp-json\/wp\/v2\/users\/1"}],"replies":[{"embeddable":true,"href":"https:\/\/clariceabreu.com.br\/es\/wp-json\/wp\/v2\/comments?post=2001"}],"version-history":[{"count":0,"href":"https:\/\/clariceabreu.com.br\/es\/wp-json\/wp\/v2\/posts\/2001\/revisions"}],"wp:featuredmedia":[{"embeddable":true,"href":"https:\/\/clariceabreu.com.br\/es\/wp-json\/"}],"wp:attachment":[{"href":"https:\/\/clariceabreu.com.br\/es\/wp-json\/wp\/v2\/media?parent=2001"}],"wp:term":[{"taxonomy":"category","embeddable":true,"href":"https:\/\/clariceabreu.com.br\/es\/wp-json\/wp\/v2\/categories?post=2001"},{"taxonomy":"post_tag","embeddable":true,"href":"https:\/\/clariceabreu.com.br\/es\/wp-json\/wp\/v2\/tags?post=2001"}],"curies":[{"name":"wp","href":"https:\/\/api.w.org\/{rel}","templated":true}]}}